{"id":761,"date":"2007-08-09T21:23:21","date_gmt":"2007-08-09T20:23:21","guid":{"rendered":"http:\/\/nk.krasic.com\/?p=761"},"modified":"2007-08-09T21:33:39","modified_gmt":"2007-08-09T20:33:39","slug":"mijo-novosel-podnio-ostavku","status":"publish","type":"post","link":"https:\/\/nk.krasic.com\/?p=761","title":{"rendered":"Mijo Novosel podnio ostavku"},"content":{"rendered":"<p><img decoding=\"async\" src=\"https:\/\/nk.krasic.com\/wp-content\/uploads\/2007\/08\/mijo3.gif\" title=\"mijo3.gif\" alt=\"mijo3.gif\" align=\"left\" border=\"1\" hspace=\"7\" vspace=\"0\" \/>Mijo Novosel vi\u0161e nije trener seniora NK Kra\u0161i\u0107a, nakon solidne pro\u0161le sezone biv\u0161i trener crvenih ka\u017ee da je stvorio ekipu za prvo mjesto prve \u017eupanijske lige te mjesto prepu\u0161ta novom treneru. Mijo je jako dobro radio u klubu i sigurno \u0107e nam ostati u jako dobrom sje\u0107anju..<\/p>\n<p>Na\u0161i de\u010dki ve\u0107 dva dana treniraju sami te \u010dekaju novog vo\u0111u. Za novu sezonu igra\u010di se dobro pripremaju u velikom broju,a sad je na upravi kluba da prona\u0111e zamjenu za Mija Novosela.<\/p>\n","protected":false},"excerpt":{"rendered":"<p>Mijo Novosel vi\u0161e nije trener seniora NK Kra\u0161i\u0107a, nakon solidne pro\u0161le sezone biv\u0161i trener crvenih ka\u017ee da je stvorio ekipu za prvo mjesto prve \u017eupanijske lige te mjesto prepu\u0161ta novom treneru. Mijo je jako dobro radio u klubu i sigurno \u0107e nam ostati u jako dobrom sje\u0107anju.. Na\u0161i de\u010dki ve\u0107 dva dana treniraju sami te&#8230;<\/p>\n","protected":false},"author":2,"featured_media":0,"comment_status":"open","ping_status":"open","sticky":false,"template":"","format":"standard","meta":{"footnotes":""},"categories":[8,1],"tags":[],"yoast_head":"<!-- This site is optimized with the Yoast SEO plugin v20.1 - https:\/\/yoast.com\/wordpress\/plugins\/seo\/ -->\n<title>Mijo Novosel podnio ostavku - NK Kra\u0161i\u0107<\/title>\n<meta name=\"robots\" content=\"index, follow, max-snippet:-1, max-image-preview:large, max-video-preview:-1\" \/>\n<link rel=\"canonical\" href=\"https:\/\/nk.krasic.com\/?p=761\" \/>\n<meta property=\"og:locale\" content=\"en_US\" \/>\n<meta property=\"og:type\" content=\"article\" \/>\n<meta property=\"og:title\" content=\"Mijo Novosel podnio ostavku - NK Kra\u0161i\u0107\" \/>\n<meta property=\"og:description\" content=\"Mijo Novosel vi\u0161e nije trener seniora NK Kra\u0161i\u0107a, nakon solidne pro\u0161le sezone biv\u0161i trener crvenih ka\u017ee da je stvorio ekipu za prvo mjesto prve \u017eupanijske lige te mjesto prepu\u0161ta novom treneru. Mijo je jako dobro radio u klubu i sigurno \u0107e nam ostati u jako dobrom sje\u0107anju.. Na\u0161i de\u010dki ve\u0107 dva dana treniraju sami te...\" \/>\n<meta property=\"og:url\" content=\"https:\/\/nk.krasic.com\/?p=761\" \/>\n<meta property=\"og:site_name\" content=\"NK Kra\u0161i\u0107\" \/>\n<meta property=\"article:published_time\" content=\"2007-08-09T20:23:21+00:00\" \/>\n<meta property=\"article:modified_time\" content=\"2007-08-09T20:33:39+00:00\" \/>\n<meta property=\"og:image\" content=\"http:\/\/nk.krasic.com\/wp-content\/uploads\/2007\/08\/mijo3.gif\" \/>\n<meta name=\"author\" content=\"josip\" \/>\n<meta name=\"twitter:card\" content=\"summary_large_image\" \/>\n<meta name=\"twitter:label1\" content=\"Written by\" \/>\n\t<meta name=\"twitter:data1\" content=\"josip\" \/>\n<script type=\"application\/ld+json\" class=\"yoast-schema-graph\">{\"@context\":\"https:\/\/schema.org\",\"@graph\":[{\"@type\":\"WebPage\",\"@id\":\"https:\/\/nk.krasic.com\/?p=761\",\"url\":\"https:\/\/nk.krasic.com\/?p=761\",\"name\":\"Mijo Novosel podnio ostavku - NK Kra\u0161i\u0107\",\"isPartOf\":{\"@id\":\"https:\/\/nk.krasic.com\/#website\"},\"datePublished\":\"2007-08-09T20:23:21+00:00\",\"dateModified\":\"2007-08-09T20:33:39+00:00\",\"author\":{\"@id\":\"https:\/\/nk.krasic.com\/#\/schema\/person\/00e14b564e37f65efc7c1777e3a7e8fa\"},\"breadcrumb\":{\"@id\":\"https:\/\/nk.krasic.com\/?p=761#breadcrumb\"},\"inLanguage\":\"en-US\",\"potentialAction\":[{\"@type\":\"ReadAction\",\"target\":[\"https:\/\/nk.krasic.com\/?p=761\"]}]},{\"@type\":\"BreadcrumbList\",\"@id\":\"https:\/\/nk.krasic.com\/?p=761#breadcrumb\",\"itemListElement\":[{\"@type\":\"ListItem\",\"position\":1,\"name\":\"Home\",\"item\":\"https:\/\/nk.krasic.com\/\"},{\"@type\":\"ListItem\",\"position\":2,\"name\":\"Mijo Novosel podnio ostavku\"}]},{\"@type\":\"WebSite\",\"@id\":\"https:\/\/nk.krasic.com\/#website\",\"url\":\"https:\/\/nk.krasic.com\/\",\"name\":\"NK Kra\u0161i\u0107\",\"description\":\"Slu\u017ebene stranice NK&quot;Kra\u0161i\u0107&quot;\",\"potentialAction\":[{\"@type\":\"SearchAction\",\"target\":{\"@type\":\"EntryPoint\",\"urlTemplate\":\"https:\/\/nk.krasic.com\/?s={search_term_string}\"},\"query-input\":\"required name=search_term_string\"}],\"inLanguage\":\"en-US\"},{\"@type\":\"Person\",\"@id\":\"https:\/\/nk.krasic.com\/#\/schema\/person\/00e14b564e37f65efc7c1777e3a7e8fa\",\"name\":\"josip\",\"image\":{\"@type\":\"ImageObject\",\"inLanguage\":\"en-US\",\"@id\":\"https:\/\/nk.krasic.com\/#\/schema\/person\/image\/\",\"url\":\"https:\/\/secure.gravatar.com\/avatar\/ed08667405a8e1cac64e6bee97dc2a11?s=96&d=mm&r=g\",\"contentUrl\":\"https:\/\/secure.gravatar.com\/avatar\/ed08667405a8e1cac64e6bee97dc2a11?s=96&d=mm&r=g\",\"caption\":\"josip\"},\"sameAs\":[\"http:\/\/www.nk.krasic.com\"],\"url\":\"https:\/\/nk.krasic.com\/?author=2\"}]}<\/script>\n<!-- \/ Yoast SEO plugin. -->","yoast_head_json":{"title":"Mijo Novosel podnio ostavku - NK Kra\u0161i\u0107","robots":{"index":"index","follow":"follow","max-snippet":"max-snippet:-1","max-image-preview":"max-image-preview:large","max-video-preview":"max-video-preview:-1"},"canonical":"https:\/\/nk.krasic.com\/?p=761","og_locale":"en_US","og_type":"article","og_title":"Mijo Novosel podnio ostavku - NK Kra\u0161i\u0107","og_description":"Mijo Novosel vi\u0161e nije trener seniora NK Kra\u0161i\u0107a, nakon solidne pro\u0161le sezone biv\u0161i trener crvenih ka\u017ee da je stvorio ekipu za prvo mjesto prve \u017eupanijske lige te mjesto prepu\u0161ta novom treneru. Mijo je jako dobro radio u klubu i sigurno \u0107e nam ostati u jako dobrom sje\u0107anju.. Na\u0161i de\u010dki ve\u0107 dva dana treniraju sami te...","og_url":"https:\/\/nk.krasic.com\/?p=761","og_site_name":"NK Kra\u0161i\u0107","article_published_time":"2007-08-09T20:23:21+00:00","article_modified_time":"2007-08-09T20:33:39+00:00","og_image":[{"url":"http:\/\/nk.krasic.com\/wp-content\/uploads\/2007\/08\/mijo3.gif"}],"author":"josip","twitter_card":"summary_large_image","twitter_misc":{"Written by":"josip"},"schema":{"@context":"https:\/\/schema.org","@graph":[{"@type":"WebPage","@id":"https:\/\/nk.krasic.com\/?p=761","url":"https:\/\/nk.krasic.com\/?p=761","name":"Mijo Novosel podnio ostavku - NK Kra\u0161i\u0107","isPartOf":{"@id":"https:\/\/nk.krasic.com\/#website"},"datePublished":"2007-08-09T20:23:21+00:00","dateModified":"2007-08-09T20:33:39+00:00","author":{"@id":"https:\/\/nk.krasic.com\/#\/schema\/person\/00e14b564e37f65efc7c1777e3a7e8fa"},"breadcrumb":{"@id":"https:\/\/nk.krasic.com\/?p=761#breadcrumb"},"inLanguage":"en-US","potentialAction":[{"@type":"ReadAction","target":["https:\/\/nk.krasic.com\/?p=761"]}]},{"@type":"BreadcrumbList","@id":"https:\/\/nk.krasic.com\/?p=761#breadcrumb","itemListElement":[{"@type":"ListItem","position":1,"name":"Home","item":"https:\/\/nk.krasic.com\/"},{"@type":"ListItem","position":2,"name":"Mijo Novosel podnio ostavku"}]},{"@type":"WebSite","@id":"https:\/\/nk.krasic.com\/#website","url":"https:\/\/nk.krasic.com\/","name":"NK Kra\u0161i\u0107","description":"Slu\u017ebene stranice NK&quot;Kra\u0161i\u0107&quot;","potentialAction":[{"@type":"SearchAction","target":{"@type":"EntryPoint","urlTemplate":"https:\/\/nk.krasic.com\/?s={search_term_string}"},"query-input":"required name=search_term_string"}],"inLanguage":"en-US"},{"@type":"Person","@id":"https:\/\/nk.krasic.com\/#\/schema\/person\/00e14b564e37f65efc7c1777e3a7e8fa","name":"josip","image":{"@type":"ImageObject","inLanguage":"en-US","@id":"https:\/\/nk.krasic.com\/#\/schema\/person\/image\/","url":"https:\/\/secure.gravatar.com\/avatar\/ed08667405a8e1cac64e6bee97dc2a11?s=96&d=mm&r=g","contentUrl":"https:\/\/secure.gravatar.com\/avatar\/ed08667405a8e1cac64e6bee97dc2a11?s=96&d=mm&r=g","caption":"josip"},"sameAs":["http:\/\/www.nk.krasic.com"],"url":"https:\/\/nk.krasic.com\/?author=2"}]}},"_links":{"self":[{"href":"https:\/\/nk.krasic.com\/index.php?rest_route=\/wp\/v2\/posts\/761"}],"collection":[{"href":"https:\/\/nk.krasic.com\/index.php?rest_route=\/wp\/v2\/posts"}],"about":[{"href":"https:\/\/nk.krasic.com\/index.php?rest_route=\/wp\/v2\/types\/post"}],"author":[{"embeddable":true,"href":"https:\/\/nk.krasic.com\/index.php?rest_route=\/wp\/v2\/users\/2"}],"replies":[{"embeddable":true,"href":"https:\/\/nk.krasic.com\/index.php?rest_route=%2Fwp%2Fv2%2Fcomments&post=761"}],"version-history":[{"count":0,"href":"https:\/\/nk.krasic.com\/index.php?rest_route=\/wp\/v2\/posts\/761\/revisions"}],"wp:attachment":[{"href":"https:\/\/nk.krasic.com\/index.php?rest_route=%2Fwp%2Fv2%2Fmedia&parent=761"}],"wp:term":[{"taxonomy":"category","embeddable":true,"href":"https:\/\/nk.krasic.com\/index.php?rest_route=%2Fwp%2Fv2%2Fcategories&post=761"},{"taxonomy":"post_tag","embeddable":true,"href":"https:\/\/nk.krasic.com\/index.php?rest_route=%2Fwp%2Fv2%2Ftags&post=761"}],"curies":[{"name":"wp","href":"https:\/\/api.w.org\/{rel}","templated":true}]}}